{"id":1368,"date":"2018-12-03T09:42:10","date_gmt":"2018-12-03T08:42:10","guid":{"rendered":"http:\/\/schuesslerhof.com\/?p=1368"},"modified":"2018-12-03T09:48:19","modified_gmt":"2018-12-03T08:48:19","slug":"erster-schnee2019","status":"publish","type":"post","link":"https:\/\/schuesslerhof.com\/it\/erster-schnee2019\/","title":{"rendered":"erster Schnee 2018"},"content":{"rendered":"<p><a href=\"http:\/\/schuesslerhof.com\/wp-content\/uploads\/2018\/11\/20181117_120504.jpg\"><img loading=\"lazy\" decoding=\"async\" src=\"http:\/\/schuesslerhof.com\/wp-content\/uploads\/2018\/11\/20181117_120504-300x169.jpg\" alt=\"\" width=\"300\" height=\"169\" class=\"alignnone size-medium wp-image-1359\" srcset=\"https:\/\/schuesslerhof.com\/wp-content\/uploads\/2018\/11\/20181117_120504-300x169.jpg 300w, https:\/\/schuesslerhof.com\/wp-content\/uploads\/2018\/11\/20181117_120504-768x432.jpg 768w, https:\/\/schuesslerhof.com\/wp-content\/uploads\/2018\/11\/20181117_120504-1024x576.jpg 1024w, https:\/\/schuesslerhof.com\/wp-content\/uploads\/2018\/11\/20181117_120504-150x84.jpg 150w\" sizes=\"(max-width: 300px) 100vw, 300px\" \/><\/a><span data-mce-type=\"bookmark\" style=\"display: inline-block; width: 0px; overflow: hidden; line-height: 0;\" class=\"mce_SELRES_start\">\ufeff<\/span><\/p>\n","protected":false},"excerpt":{"rendered":"<p>\ufeff<\/p>\n","protected":false},"author":2,"featured_media":0,"comment_status":"open","ping_status":"open","sticky":false,"template":"","format":"standard","meta":{"footnotes":""},"categories":[4],"tags":[],"class_list":["post-1368","post","type-post","status-publish","format-standard","hentry","category-generale"],"yoast_head":"<!-- This site is optimized with the Yoast SEO plugin v23.6 - https:\/\/yoast.com\/wordpress\/plugins\/seo\/ -->\n<title>erster Schnee 2018 - Sch\u00fcsslerhof | Heu &amp; Wasserb\u00e4der<\/title>\n<meta name=\"robots\" content=\"index, follow, max-snippet:-1, max-image-preview:large, max-video-preview:-1\" \/>\n<link rel=\"canonical\" href=\"https:\/\/schuesslerhof.com\/it\/erster-schnee2019\/\" \/>\n<meta property=\"og:locale\" content=\"it_IT\" \/>\n<meta property=\"og:type\" content=\"article\" \/>\n<meta property=\"og:title\" content=\"erster Schnee 2018 - Sch\u00fcsslerhof | Heu &amp; Wasserb\u00e4der\" \/>\n<meta property=\"og:description\" content=\"\ufeff\" \/>\n<meta property=\"og:url\" content=\"https:\/\/schuesslerhof.com\/it\/erster-schnee2019\/\" \/>\n<meta property=\"og:site_name\" content=\"Sch\u00fcsslerhof | Heu &amp; Wasserb\u00e4der\" \/>\n<meta property=\"article:publisher\" content=\"https:\/\/www.facebook.com\/pages\/Bad-Sch%c3%bcsslerhof\/244659975642984?fref=ts\" \/>\n<meta property=\"article:published_time\" content=\"2018-12-03T08:42:10+00:00\" \/>\n<meta property=\"article:modified_time\" content=\"2018-12-03T08:48:19+00:00\" \/>\n<meta property=\"og:image\" content=\"https:\/\/schuesslerhof.com\/wp-content\/uploads\/2018\/11\/20181117_120504-1024x576.jpg\" \/>\n\t<meta property=\"og:image:width\" content=\"1024\" \/>\n\t<meta property=\"og:image:height\" content=\"576\" \/>\n\t<meta property=\"og:image:type\" content=\"image\/jpeg\" \/>\n<meta name=\"author\" content=\"Oswald Auer\" \/>\n<meta name=\"twitter:label1\" content=\"Scritto da\" \/>\n\t<meta name=\"twitter:data1\" content=\"Oswald Auer\" \/>\n<script type=\"application\/ld+json\" class=\"yoast-schema-graph\">{\"@context\":\"https:\/\/schema.org\",\"@graph\":[{\"@type\":\"Article\",\"@id\":\"https:\/\/schuesslerhof.com\/it\/erster-schnee2019\/#article\",\"isPartOf\":{\"@id\":\"https:\/\/schuesslerhof.com\/it\/erster-schnee2019\/\"},\"author\":{\"name\":\"Oswald Auer\",\"@id\":\"https:\/\/schuesslerhof.com\/#\/schema\/person\/da8b2a1c7c1e345e2caf7603fc02785f\"},\"headline\":\"erster Schnee 2018\",\"datePublished\":\"2018-12-03T08:42:10+00:00\",\"dateModified\":\"2018-12-03T08:48:19+00:00\",\"mainEntityOfPage\":{\"@id\":\"https:\/\/schuesslerhof.com\/it\/erster-schnee2019\/\"},\"wordCount\":2,\"commentCount\":0,\"publisher\":{\"@id\":\"https:\/\/schuesslerhof.com\/#organization\"},\"image\":{\"@id\":\"https:\/\/schuesslerhof.com\/it\/erster-schnee2019\/#primaryimage\"},\"thumbnailUrl\":\"http:\/\/schuesslerhof.com\/wp-content\/uploads\/2018\/11\/20181117_120504-300x169.jpg\",\"articleSection\":[\"Generale\"],\"inLanguage\":\"it-IT\",\"potentialAction\":[{\"@type\":\"CommentAction\",\"name\":\"Comment\",\"target\":[\"https:\/\/schuesslerhof.com\/it\/erster-schnee2019\/#respond\"]}]},{\"@type\":\"WebPage\",\"@id\":\"https:\/\/schuesslerhof.com\/it\/erster-schnee2019\/\",\"url\":\"https:\/\/schuesslerhof.com\/it\/erster-schnee2019\/\",\"name\":\"erster Schnee 2018 - Sch\u00fcsslerhof | Heu & Wasserb\u00e4der\",\"isPartOf\":{\"@id\":\"https:\/\/schuesslerhof.com\/#website\"},\"primaryImageOfPage\":{\"@id\":\"https:\/\/schuesslerhof.com\/it\/erster-schnee2019\/#primaryimage\"},\"image\":{\"@id\":\"https:\/\/schuesslerhof.com\/it\/erster-schnee2019\/#primaryimage\"},\"thumbnailUrl\":\"http:\/\/schuesslerhof.com\/wp-content\/uploads\/2018\/11\/20181117_120504-300x169.jpg\",\"datePublished\":\"2018-12-03T08:42:10+00:00\",\"dateModified\":\"2018-12-03T08:48:19+00:00\",\"breadcrumb\":{\"@id\":\"https:\/\/schuesslerhof.com\/it\/erster-schnee2019\/#breadcrumb\"},\"inLanguage\":\"it-IT\",\"potentialAction\":[{\"@type\":\"ReadAction\",\"target\":[\"https:\/\/schuesslerhof.com\/it\/erster-schnee2019\/\"]}]},{\"@type\":\"ImageObject\",\"inLanguage\":\"it-IT\",\"@id\":\"https:\/\/schuesslerhof.com\/it\/erster-schnee2019\/#primaryimage\",\"url\":\"http:\/\/schuesslerhof.com\/wp-content\/uploads\/2018\/11\/20181117_120504-300x169.jpg\",\"contentUrl\":\"http:\/\/schuesslerhof.com\/wp-content\/uploads\/2018\/11\/20181117_120504-300x169.jpg\"},{\"@type\":\"BreadcrumbList\",\"@id\":\"https:\/\/schuesslerhof.com\/it\/erster-schnee2019\/#breadcrumb\",\"itemListElement\":[{\"@type\":\"ListItem\",\"position\":1,\"name\":\"Home\",\"item\":\"https:\/\/schuesslerhof.com\/it\/\"},{\"@type\":\"ListItem\",\"position\":2,\"name\":\"erster Schnee 2018\"}]},{\"@type\":\"WebSite\",\"@id\":\"https:\/\/schuesslerhof.com\/#website\",\"url\":\"https:\/\/schuesslerhof.com\/\",\"name\":\"Sch\u00fcsslerhof | Heu & Wasserb\u00e4der\",\"description\":\"Fam. Hartmann Auer - Lappach im M\u00fchlwaldertal: +39 0474 68 50 46\",\"publisher\":{\"@id\":\"https:\/\/schuesslerhof.com\/#organization\"},\"potentialAction\":[{\"@type\":\"SearchAction\",\"target\":{\"@type\":\"EntryPoint\",\"urlTemplate\":\"https:\/\/schuesslerhof.com\/?s={search_term_string}\"},\"query-input\":{\"@type\":\"PropertyValueSpecification\",\"valueRequired\":true,\"valueName\":\"search_term_string\"}}],\"inLanguage\":\"it-IT\"},{\"@type\":\"Organization\",\"@id\":\"https:\/\/schuesslerhof.com\/#organization\",\"name\":\"Bad Sch\u00fcsslerhof\",\"url\":\"https:\/\/schuesslerhof.com\/\",\"logo\":{\"@type\":\"ImageObject\",\"inLanguage\":\"it-IT\",\"@id\":\"https:\/\/schuesslerhof.com\/#\/schema\/logo\/image\/\",\"url\":\"https:\/\/schuesslerhof.com\/wp-content\/uploads\/2015\/03\/LOGO-255x150-e1425472092821.png\",\"contentUrl\":\"https:\/\/schuesslerhof.com\/wp-content\/uploads\/2015\/03\/LOGO-255x150-e1425472092821.png\",\"width\":170,\"height\":100,\"caption\":\"Bad Sch\u00fcsslerhof\"},\"image\":{\"@id\":\"https:\/\/schuesslerhof.com\/#\/schema\/logo\/image\/\"},\"sameAs\":[\"https:\/\/www.facebook.com\/pages\/Bad-Sch\u00fcsslerhof\/244659975642984?fref=ts\"]},{\"@type\":\"Person\",\"@id\":\"https:\/\/schuesslerhof.com\/#\/schema\/person\/da8b2a1c7c1e345e2caf7603fc02785f\",\"name\":\"Oswald Auer\",\"image\":{\"@type\":\"ImageObject\",\"inLanguage\":\"it-IT\",\"@id\":\"https:\/\/schuesslerhof.com\/#\/schema\/person\/image\/\",\"url\":\"https:\/\/secure.gravatar.com\/avatar\/486d47b3402a70dd43b4a05ef0d418d4?s=96&d=mm&r=g\",\"contentUrl\":\"https:\/\/secure.gravatar.com\/avatar\/486d47b3402a70dd43b4a05ef0d418d4?s=96&d=mm&r=g\",\"caption\":\"Oswald Auer\"},\"url\":\"https:\/\/schuesslerhof.com\/it\/author\/oswaldsch\/\"}]}<\/script>\n<!-- \/ Yoast SEO plugin. -->","yoast_head_json":{"title":"erster Schnee 2018 - Sch\u00fcsslerhof | Heu & Wasserb\u00e4der","robots":{"index":"index","follow":"follow","max-snippet":"max-snippet:-1","max-image-preview":"max-image-preview:large","max-video-preview":"max-video-preview:-1"},"canonical":"https:\/\/schuesslerhof.com\/it\/erster-schnee2019\/","og_locale":"it_IT","og_type":"article","og_title":"erster Schnee 2018 - Sch\u00fcsslerhof | Heu & Wasserb\u00e4der","og_description":"\ufeff","og_url":"https:\/\/schuesslerhof.com\/it\/erster-schnee2019\/","og_site_name":"Sch\u00fcsslerhof | Heu & Wasserb\u00e4der","article_publisher":"https:\/\/www.facebook.com\/pages\/Bad-Sch%c3%bcsslerhof\/244659975642984?fref=ts","article_published_time":"2018-12-03T08:42:10+00:00","article_modified_time":"2018-12-03T08:48:19+00:00","og_image":[{"width":1024,"height":576,"url":"https:\/\/schuesslerhof.com\/wp-content\/uploads\/2018\/11\/20181117_120504-1024x576.jpg","type":"image\/jpeg"}],"author":"Oswald Auer","twitter_misc":{"Scritto da":"Oswald Auer"},"schema":{"@context":"https:\/\/schema.org","@graph":[{"@type":"Article","@id":"https:\/\/schuesslerhof.com\/it\/erster-schnee2019\/#article","isPartOf":{"@id":"https:\/\/schuesslerhof.com\/it\/erster-schnee2019\/"},"author":{"name":"Oswald Auer","@id":"https:\/\/schuesslerhof.com\/#\/schema\/person\/da8b2a1c7c1e345e2caf7603fc02785f"},"headline":"erster Schnee 2018","datePublished":"2018-12-03T08:42:10+00:00","dateModified":"2018-12-03T08:48:19+00:00","mainEntityOfPage":{"@id":"https:\/\/schuesslerhof.com\/it\/erster-schnee2019\/"},"wordCount":2,"commentCount":0,"publisher":{"@id":"https:\/\/schuesslerhof.com\/#organization"},"image":{"@id":"https:\/\/schuesslerhof.com\/it\/erster-schnee2019\/#primaryimage"},"thumbnailUrl":"http:\/\/schuesslerhof.com\/wp-content\/uploads\/2018\/11\/20181117_120504-300x169.jpg","articleSection":["Generale"],"inLanguage":"it-IT","potentialAction":[{"@type":"CommentAction","name":"Comment","target":["https:\/\/schuesslerhof.com\/it\/erster-schnee2019\/#respond"]}]},{"@type":"WebPage","@id":"https:\/\/schuesslerhof.com\/it\/erster-schnee2019\/","url":"https:\/\/schuesslerhof.com\/it\/erster-schnee2019\/","name":"erster Schnee 2018 - Sch\u00fcsslerhof | Heu & Wasserb\u00e4der","isPartOf":{"@id":"https:\/\/schuesslerhof.com\/#website"},"primaryImageOfPage":{"@id":"https:\/\/schuesslerhof.com\/it\/erster-schnee2019\/#primaryimage"},"image":{"@id":"https:\/\/schuesslerhof.com\/it\/erster-schnee2019\/#primaryimage"},"thumbnailUrl":"http:\/\/schuesslerhof.com\/wp-content\/uploads\/2018\/11\/20181117_120504-300x169.jpg","datePublished":"2018-12-03T08:42:10+00:00","dateModified":"2018-12-03T08:48:19+00:00","breadcrumb":{"@id":"https:\/\/schuesslerhof.com\/it\/erster-schnee2019\/#breadcrumb"},"inLanguage":"it-IT","potentialAction":[{"@type":"ReadAction","target":["https:\/\/schuesslerhof.com\/it\/erster-schnee2019\/"]}]},{"@type":"ImageObject","inLanguage":"it-IT","@id":"https:\/\/schuesslerhof.com\/it\/erster-schnee2019\/#primaryimage","url":"http:\/\/schuesslerhof.com\/wp-content\/uploads\/2018\/11\/20181117_120504-300x169.jpg","contentUrl":"http:\/\/schuesslerhof.com\/wp-content\/uploads\/2018\/11\/20181117_120504-300x169.jpg"},{"@type":"BreadcrumbList","@id":"https:\/\/schuesslerhof.com\/it\/erster-schnee2019\/#breadcrumb","itemListElement":[{"@type":"ListItem","position":1,"name":"Home","item":"https:\/\/schuesslerhof.com\/it\/"},{"@type":"ListItem","position":2,"name":"erster Schnee 2018"}]},{"@type":"WebSite","@id":"https:\/\/schuesslerhof.com\/#website","url":"https:\/\/schuesslerhof.com\/","name":"Sch\u00fcsslerhof | Heu & Wasserb\u00e4der","description":"Fam. Hartmann Auer - Lappach im M\u00fchlwaldertal: +39 0474 68 50 46","publisher":{"@id":"https:\/\/schuesslerhof.com\/#organization"},"potentialAction":[{"@type":"SearchAction","target":{"@type":"EntryPoint","urlTemplate":"https:\/\/schuesslerhof.com\/?s={search_term_string}"},"query-input":{"@type":"PropertyValueSpecification","valueRequired":true,"valueName":"search_term_string"}}],"inLanguage":"it-IT"},{"@type":"Organization","@id":"https:\/\/schuesslerhof.com\/#organization","name":"Bad Sch\u00fcsslerhof","url":"https:\/\/schuesslerhof.com\/","logo":{"@type":"ImageObject","inLanguage":"it-IT","@id":"https:\/\/schuesslerhof.com\/#\/schema\/logo\/image\/","url":"https:\/\/schuesslerhof.com\/wp-content\/uploads\/2015\/03\/LOGO-255x150-e1425472092821.png","contentUrl":"https:\/\/schuesslerhof.com\/wp-content\/uploads\/2015\/03\/LOGO-255x150-e1425472092821.png","width":170,"height":100,"caption":"Bad Sch\u00fcsslerhof"},"image":{"@id":"https:\/\/schuesslerhof.com\/#\/schema\/logo\/image\/"},"sameAs":["https:\/\/www.facebook.com\/pages\/Bad-Sch\u00fcsslerhof\/244659975642984?fref=ts"]},{"@type":"Person","@id":"https:\/\/schuesslerhof.com\/#\/schema\/person\/da8b2a1c7c1e345e2caf7603fc02785f","name":"Oswald Auer","image":{"@type":"ImageObject","inLanguage":"it-IT","@id":"https:\/\/schuesslerhof.com\/#\/schema\/person\/image\/","url":"https:\/\/secure.gravatar.com\/avatar\/486d47b3402a70dd43b4a05ef0d418d4?s=96&d=mm&r=g","contentUrl":"https:\/\/secure.gravatar.com\/avatar\/486d47b3402a70dd43b4a05ef0d418d4?s=96&d=mm&r=g","caption":"Oswald Auer"},"url":"https:\/\/schuesslerhof.com\/it\/author\/oswaldsch\/"}]}},"_links":{"self":[{"href":"https:\/\/schuesslerhof.com\/it\/wp-json\/wp\/v2\/posts\/1368"}],"collection":[{"href":"https:\/\/schuesslerhof.com\/it\/wp-json\/wp\/v2\/posts"}],"about":[{"href":"https:\/\/schuesslerhof.com\/it\/wp-json\/wp\/v2\/types\/post"}],"author":[{"embeddable":true,"href":"https:\/\/schuesslerhof.com\/it\/wp-json\/wp\/v2\/users\/2"}],"replies":[{"embeddable":true,"href":"https:\/\/schuesslerhof.com\/it\/wp-json\/wp\/v2\/comments?post=1368"}],"version-history":[{"count":3,"href":"https:\/\/schuesslerhof.com\/it\/wp-json\/wp\/v2\/posts\/1368\/revisions"}],"predecessor-version":[{"id":1373,"href":"https:\/\/schuesslerhof.com\/it\/wp-json\/wp\/v2\/posts\/1368\/revisions\/1373"}],"wp:attachment":[{"href":"https:\/\/schuesslerhof.com\/it\/wp-json\/wp\/v2\/media?parent=1368"}],"wp:term":[{"taxonomy":"category","embeddable":true,"href":"https:\/\/schuesslerhof.com\/it\/wp-json\/wp\/v2\/categories?post=1368"},{"taxonomy":"post_tag","embeddable":true,"href":"https:\/\/schuesslerhof.com\/it\/wp-json\/wp\/v2\/tags?post=1368"}],"curies":[{"name":"wp","href":"https:\/\/api.w.org\/{rel}","templated":true}]}}